{"id":1514,"date":"2023-01-18T12:10:39","date_gmt":"2023-01-18T15:10:39","guid":{"rendered":"http:\/\/visaorural.com.br\/blog\/?p=1514"},"modified":"2023-01-18T12:10:40","modified_gmt":"2023-01-18T15:10:40","slug":"pt-emplaca-secretario-executivo-adjunto-no-ministerio-da-agricultura","status":"publish","type":"post","link":"http:\/\/visaorural.com.br\/blog\/pt-emplaca-secretario-executivo-adjunto-no-ministerio-da-agricultura\/","title":{"rendered":"PT emplaca secret\u00e1rio-executivo adjunto no Minist\u00e9rio da Agricultura"},"content":{"rendered":"\n<p><img loading=\"lazy\" decoding=\"async\" width=\"640\" height=\"383\" src=\"https:\/\/imagens-cdn.canalrural.com.br\/wp-content\/uploads\/Ministerio-da-Agricultura.jpg\" alt=\"fachada do Minist\u00e9rio da Agricultura e Pecu\u00e1ria\" srcset=\"https:\/\/imagens-cdn.canalrural.com.br\/wp-content\/uploads\/Ministerio-da-Agricultura-320x191.jpg 320w, https:\/\/imagens-cdn.canalrural.com.br\/wp-content\/uploads\/Ministerio-da-Agricultura-640x383.jpg 640w, https:\/\/imagens-cdn.canalrural.com.br\/wp-content\/uploads\/Ministerio-da-Agricultura-150x90.jpg 150w, https:\/\/imagens-cdn.canalrural.com.br\/wp-content\/uploads\/Ministerio-da-Agricultura.jpg 1170w\"><\/p>\n\n\n\n<p>Foto: Carlos Silva\/Mapa<\/p>\n\n\n\n<p>Est\u00e1 confirmado: o servidor de carreira&nbsp;<strong>Luiz Rodrigues<\/strong>&nbsp;ser\u00e1 secret\u00e1rio-executivo adjunto do Minist\u00e9rio da Agricultura e Pecu\u00e1ria (Mapa).<\/p>\n\n\n\n<p>A indica\u00e7\u00e3o dele passou pela presidente nacional do Partido dos Trabalhadores (PT), Gleisi Hoffmann, e pelo ministro das Rela\u00e7\u00f5es Institucionais, o tamb\u00e9m Alexandre Padilha.<\/p>\n\n\n\n<p>Rodrigues \u00e9 muito bem avaliado pelo secret\u00e1rio-executivo Iraj\u00e1 Lacerda e pela pr\u00f3pria c\u00fapula do partido. Ele \u00e9 mestre em pol\u00edticas p\u00fablicas, participou do grupo de transi\u00e7\u00e3o do novo governo, esteve como t\u00e9cnico no Mapa durante o governo Dilma e estava na Secretaria de Assuntos Econ\u00f4micos Internacionais do Minist\u00e9rio da Economia (que voltou a se chamar Fazenda com a volta de Lula ao poder).<\/p>\n\n\n\n<h2 class=\"wp-block-heading\">PT x PSD no Mapa<\/h2>\n\n\n\n<p><img loading=\"lazy\" decoding=\"async\" srcset=\"https:\/\/imagens-cdn.canalrural.com.br\/wp-content\/uploads\/luiz-rodrigues-e-carlos-favaro-mapa-pt-x-psd-150x120.jpg 150w, https:\/\/imagens-cdn.canalrural.com.br\/wp-content\/uploads\/luiz-rodrigues-e-carlos-favaro-mapa-pt-x-psd-301x240.jpg 301w, https:\/\/imagens-cdn.canalrural.com.br\/wp-content\/uploads\/luiz-rodrigues-e-carlos-favaro-mapa-pt-x-psd-602x480.jpg 602w\" src=\"https:\/\/imagens-cdn.canalrural.com.br\/wp-content\/uploads\/luiz-rodrigues-e-carlos-favaro-mapa-pt-x-psd-602x480.jpg\" alt=\"luiz rodrigues e carlos f\u00e1varo - mapa - pt x psd\" width=\"602\" height=\"480\"><\/p>\n\n\n\n<p id=\"caption-attachment-2924421\">Luiz Rodrigues e Carlos F\u00e1varo | Foto: reprodu\u00e7\u00e3o\/Ag\u00eancia CMA<\/p>\n\n\n\n<p>A indica\u00e7\u00e3o de Luiz Rodrigues frustra mais uma vez o presidente nacional do PSD, Gilberto Kassab, que demanda por mais cargos na pasta. Como noticiado pela Ag\u00eancia CMA, o ministro Carlos F\u00e1varo, que \u00e9 do PSD, \u00e9 acusado em seu partido de n\u00e3o agraciar devidamente os correligion\u00e1rios na montagem do 2\u00ba escal\u00e3o do minist\u00e9rio.<\/p>\n\n\n\n<p>Fonte: Canal Rural.<\/p>\n","protected":false},"excerpt":{"rendered":"<p>Luiz Rodrigues \u00e9 mestre em pol\u00edticas p\u00fablicas, participou do grupo de transi\u00e7\u00e3o do novo governo<\/p>\n","protected":false},"author":2,"featured_media":1515,"comment_status":"open","ping_status":"open","sticky":false,"template":"","format":"standard","meta":{"footnotes":""},"categories":[10],"tags":[],"class_list":["post-1514","post","type-post","status-publish","format-standard","has-post-thumbnail","hentry","category-agro-nasc"],"_links":{"self":[{"href":"http:\/\/visaorural.com.br\/blog\/wp-json\/wp\/v2\/posts\/1514","targetHints":{"allow":["GET"]}}],"collection":[{"href":"http:\/\/visaorural.com.br\/blog\/wp-json\/wp\/v2\/posts"}],"about":[{"href":"http:\/\/visaorural.com.br\/blog\/wp-json\/wp\/v2\/types\/post"}],"author":[{"embeddable":true,"href":"http:\/\/visaorural.com.br\/blog\/wp-json\/wp\/v2\/users\/2"}],"replies":[{"embeddable":true,"href":"http:\/\/visaorural.com.br\/blog\/wp-json\/wp\/v2\/comments?post=1514"}],"version-history":[{"count":1,"href":"http:\/\/visaorural.com.br\/blog\/wp-json\/wp\/v2\/posts\/1514\/revisions"}],"predecessor-version":[{"id":1516,"href":"http:\/\/visaorural.com.br\/blog\/wp-json\/wp\/v2\/posts\/1514\/revisions\/1516"}],"wp:featuredmedia":[{"embeddable":true,"href":"http:\/\/visaorural.com.br\/blog\/wp-json\/wp\/v2\/media\/1515"}],"wp:attachment":[{"href":"http:\/\/visaorural.com.br\/blog\/wp-json\/wp\/v2\/media?parent=1514"}],"wp:term":[{"taxonomy":"category","embeddable":true,"href":"http:\/\/visaorural.com.br\/blog\/wp-json\/wp\/v2\/categories?post=1514"},{"taxonomy":"post_tag","embeddable":true,"href":"http:\/\/visaorural.com.br\/blog\/wp-json\/wp\/v2\/tags?post=1514"}],"curies":[{"name":"wp","href":"https:\/\/api.w.org\/{rel}","templated":true}]}}