{"id":2056,"date":"2024-01-16T14:59:32","date_gmt":"2024-01-16T18:59:32","guid":{"rendered":"https:\/\/visaorural.com.br\/blog\/?p=2056"},"modified":"2024-01-16T15:02:22","modified_gmt":"2024-01-16T19:02:22","slug":"pecuarista-de-goias-revela-a-formula-para-terminar-bovinos-de-12-meses-com-20","status":"publish","type":"post","link":"https:\/\/visaorural.com.br\/blog\/pecuarista-de-goias-revela-a-formula-para-terminar-bovinos-de-12-meses-com-20\/","title":{"rendered":"Pecuarista de Goi\u00e1s revela a f\u00f3rmula para terminar bovinos de 12 meses com 20@"},"content":{"rendered":"<div class=\"single-head border-bottom border-gray-300 grid pb-5 pb-md-6\">\n<blockquote>\n<p class=\"content-excert text-gray-500 mt-3 mb-0\">Confira a entrevista com o m\u00e9dico-veterin\u00e1rio e s\u00f3cio-fundador da Lageado Biotecnologia e Pecu\u00e1ria, Edmundo Vilela<\/p>\n<\/blockquote>\n<p>&nbsp;<\/p>\n<p>produtor de mineiros inova e atinge marca impressionante em ganho de peso em seus bovinos de corte: 12 meses com m\u00e9dia de 20 arrobas. Assista ao v\u00eddeo abaixo e confira essa hist\u00f3ria.<\/p>\n<p>&nbsp;<\/p>\n<p>No competitivo mercado da pecu\u00e1ria, a busca por melhoramento cont\u00ednuo e t\u00e9cnicas inovadoras \u00e9 incessante.<\/p>\n<p>Um pecuarista de Goi\u00e1s, da cidade de Mineiros, tem atra\u00eddo a aten\u00e7\u00e3o do setor agropecu\u00e1rio por sua habilidade em elevar a produtividade e a qualidade na produ\u00e7\u00e3o de carne.<\/p>\n<p>O m\u00e9dico-veterin\u00e1rio Edmundo Vilela, s\u00f3cio-fundador da Lageado Biotecnologia e Pecu\u00e1ria, aceitou o convite para uma conversa franca no est\u00fadio do programa Giro do Boi no Canal Rural de S\u00e3o Paulo.<\/p>\n<p>Ele compartilhou os detalhes dessa fa\u00e7anha que \u00e9 fruto de um misto de gen\u00e9tica, manejo nutricional e uma pitada de persist\u00eancia.<\/p>\n<h1><strong>Planejamento: a base do sucesso<\/strong><\/h1>\n<p>Vilela esclarece que o segredo come\u00e7a no planejamento meticuloso. A data de nascimento \u00e9 um fator crucial, onde cada detalhe conta, desde a \u00e9poca de gesta\u00e7\u00e3o at\u00e9 as condi\u00e7\u00f5es nutricionais que a m\u00e3e e o bezerro recebem.<\/p>\n<p>O pecuarista destaca que o conhecimento disseminado por entidades como a Embrapa ajudou a calibrar o processo de nascimento e cria\u00e7\u00e3o dos animais para atingir pesos ideais em um per\u00edodo reduzido.<\/p>\n<p>Nutri\u00e7\u00e3o: o pilar do desenvolvimento animal<\/p>\n<p>Vilela \u00e9 enf\u00e1tico ao salientar que n\u00e3o se trata apenas de fornecer alimento, mas de assegurar que a dieta seja rica, balanceada e adequada para cada fase de desenvolvimento animal.<\/p>\n<p>A nutri\u00e7\u00e3o aparece como um dos pilares fundamentais no processo de obten\u00e7\u00e3o desses resultados surpreendentes.<\/p>\n<p>O processo nutricional \u00e9 calibrado para garantir que o gado atinja rapidamente seu potencial gen\u00e9tico de crescimento.<\/p>\n<h1><strong>Gen\u00e9tica: explorando a heterose e a precocidade<\/strong><\/h1>\n<p>Al\u00e9m da nutri\u00e7\u00e3o, a escolha gen\u00e9tica meticulosa contribui avassaladoramente para o sucesso.<\/p>\n<p>A heterose, resultado do cruzamento entre diferentes ra\u00e7as, \u00e9 um fen\u00f4meno bem-explored no gado da Lajeado. Animais tricross, e at\u00e9 mesmo Nelore puro, s\u00e3o selecionados e manejados para alcan\u00e7ar a super precocidade, um conceito que posiciona o gado com altos ganhos de peso em um ciclo anual.<\/p>\n<h1><strong>O impacto do manejo e o papel da tecnologia<\/strong><\/h1>\n<p>Edmundo tamb\u00e9m menciona o papel da tecnologia e do manejo aprimorado para chegar a animais com desempenho not\u00e1vel.<\/p>\n<p>Experi\u00eancias compartilhadas ao longo das duas d\u00e9cadas sustentam as pr\u00e1ticas atuais, demonstrando que a combina\u00e7\u00e3o de ci\u00eancia e pr\u00e1tica pode trazer resultados tang\u00edveis para a mesa do pecuarista.<\/p>\n<h1><strong>Desmistificando d\u00favidas e firmando realidades<\/strong><\/h1>\n<p>Por fim, a presen\u00e7a de Vilela no \u201cGiro do Boi\u201d serviu para desmistificar d\u00favidas e renovar a confian\u00e7a na capacidade inovadora do produtor brasileiro.<\/p>\n<p>Os resultados falam por si: a pr\u00e1tica consistente e bem fundamentada em tecnologia, gen\u00e9tica e nutri\u00e7\u00e3o \u00e9 capaz de transformar positivamente a realidade da pecu\u00e1ria nacional.<\/p>\n<p>Essa experi\u00eancia real\u00e7a o poder de uma pecu\u00e1ria moderna e progressista, sinalizando que o campo ainda tem muitas inova\u00e7\u00f5es para oferecer, n\u00e3o somente para o Brasil mas para o mercado global de carne.<\/p>\n<p>&nbsp;<\/p>\n<\/div>\n<p><em>Font:Girodoboi<\/em><\/p>\n","protected":false},"excerpt":{"rendered":"<p>Confira a entrevista com o m\u00e9dico-veterin\u00e1rio e s\u00f3cio-fundador da Lageado Biotecnologia e Pecu\u00e1ria, Edmundo Vilela &nbsp; produtor de mineiros inova e atinge marca impressionante em ganho de peso em seus bovinos de corte: 12 meses com m\u00e9dia de 20 arrobas. Assista ao v\u00eddeo abaixo e confira essa hist\u00f3ria. &nbsp; No competitivo mercado da pecu\u00e1ria, a [&hellip;]<\/p>\n","protected":false},"author":2,"featured_media":2057,"comment_status":"open","ping_status":"open","sticky":false,"template":"","format":"standard","meta":{"footnotes":""},"categories":[1],"tags":[],"class_list":["post-2056","post","type-post","status-publish","format-standard","has-post-thumbnail","hentry","category-sem-categoria"],"_links":{"self":[{"href":"https:\/\/visaorural.com.br\/blog\/wp-json\/wp\/v2\/posts\/2056","targetHints":{"allow":["GET"]}}],"collection":[{"href":"https:\/\/visaorural.com.br\/blog\/wp-json\/wp\/v2\/posts"}],"about":[{"href":"https:\/\/visaorural.com.br\/blog\/wp-json\/wp\/v2\/types\/post"}],"author":[{"embeddable":true,"href":"https:\/\/visaorural.com.br\/blog\/wp-json\/wp\/v2\/users\/2"}],"replies":[{"embeddable":true,"href":"https:\/\/visaorural.com.br\/blog\/wp-json\/wp\/v2\/comments?post=2056"}],"version-history":[{"count":5,"href":"https:\/\/visaorural.com.br\/blog\/wp-json\/wp\/v2\/posts\/2056\/revisions"}],"predecessor-version":[{"id":2062,"href":"https:\/\/visaorural.com.br\/blog\/wp-json\/wp\/v2\/posts\/2056\/revisions\/2062"}],"wp:featuredmedia":[{"embeddable":true,"href":"https:\/\/visaorural.com.br\/blog\/wp-json\/wp\/v2\/media\/2057"}],"wp:attachment":[{"href":"https:\/\/visaorural.com.br\/blog\/wp-json\/wp\/v2\/media?parent=2056"}],"wp:term":[{"taxonomy":"category","embeddable":true,"href":"https:\/\/visaorural.com.br\/blog\/wp-json\/wp\/v2\/categories?post=2056"},{"taxonomy":"post_tag","embeddable":true,"href":"https:\/\/visaorural.com.br\/blog\/wp-json\/wp\/v2\/tags?post=2056"}],"curies":[{"name":"wp","href":"https:\/\/api.w.org\/{rel}","templated":true}]}}